{"id":9426,"date":"2024-06-05T15:35:46","date_gmt":"2024-06-05T15:35:46","guid":{"rendered":"https:\/\/www.esac.pt\/?p=9426"},"modified":"2024-06-08T15:37:33","modified_gmt":"2024-06-08T15:37:33","slug":"esac-promoveu-acao-de-demonstracao-sobre-medidas-de-gestao-sustentavel-do-solo","status":"publish","type":"post","link":"https:\/\/www.esac.pt\/index.php\/2024\/06\/05\/esac-promoveu-acao-de-demonstracao-sobre-medidas-de-gestao-sustentavel-do-solo\/","title":{"rendered":"ESAC promoveu a\u00e7\u00e3o de demonstra\u00e7\u00e3o sobre medidas de gest\u00e3o sustent\u00e1vel do solo"},"content":{"rendered":"","protected":false},"excerpt":{"rendered":"","protected":false},"author":4,"featured_media":0,"comment_status":"closed","ping_status":"closed","sticky":false,"template":"","format":"standard","meta":{"footnotes":""},"categories":[1],"class_list":["post-9426","post","type-post","status-publish","format-standard","hentry","category-comunidade"],"authors":[{"term_id":12,"user_id":4,"is_guest":0,"slug":"octavio-pereira","display_name":"Octavio Pereira"}],"_links":{"self":[{"href":"https:\/\/www.esac.pt\/index.php\/wp-json\/wp\/v2\/posts\/9426","targetHints":{"allow":["GET"]}}],"collection":[{"href":"https:\/\/www.esac.pt\/index.php\/wp-json\/wp\/v2\/posts"}],"about":[{"href":"https:\/\/www.esac.pt\/index.php\/wp-json\/wp\/v2\/types\/post"}],"author":[{"embeddable":true,"href":"https:\/\/www.esac.pt\/index.php\/wp-json\/wp\/v2\/users\/4"}],"replies":[{"embeddable":true,"href":"https:\/\/www.esac.pt\/index.php\/wp-json\/wp\/v2\/comments?post=9426"}],"version-history":[{"count":0,"href":"https:\/\/www.esac.pt\/index.php\/wp-json\/wp\/v2\/posts\/9426\/revisions"}],"wp:attachment":[{"href":"https:\/\/www.esac.pt\/index.php\/wp-json\/wp\/v2\/media?parent=9426"}],"wp:term":[{"taxonomy":"category","embeddable":true,"href":"https:\/\/www.esac.pt\/index.php\/wp-json\/wp\/v2\/categories?post=9426"}],"curies":[{"name":"wp","href":"https:\/\/api.w.org\/{rel}","templated":true}]}}