{"id":7630,"date":"2023-06-19T11:26:57","date_gmt":"2023-06-19T11:26:57","guid":{"rendered":"https:\/\/www.esac.pt\/?p=7630"},"modified":"2023-06-26T11:30:09","modified_gmt":"2023-06-26T11:30:09","slug":"esac-ve-aprovado-projeto-para-a-transicao-energetica-na-agricultura","status":"publish","type":"post","link":"https:\/\/www.esac.pt\/index.php\/2023\/06\/19\/esac-ve-aprovado-projeto-para-a-transicao-energetica-na-agricultura\/","title":{"rendered":"ESAC v\u00ea aprovado projeto para a transi\u00e7\u00e3o energ\u00e9tica na agricultura"},"content":{"rendered":"","protected":false},"excerpt":{"rendered":"","protected":false},"author":4,"featured_media":0,"comment_status":"closed","ping_status":"closed","sticky":false,"template":"","format":"standard","meta":{"footnotes":""},"categories":[1],"class_list":["post-7630","post","type-post","status-publish","format-standard","hentry","category-comunidade"],"authors":[{"term_id":12,"user_id":4,"is_guest":0,"slug":"octavio-pereira","display_name":"Octavio Pereira"}],"_links":{"self":[{"href":"https:\/\/www.esac.pt\/index.php\/wp-json\/wp\/v2\/posts\/7630","targetHints":{"allow":["GET"]}}],"collection":[{"href":"https:\/\/www.esac.pt\/index.php\/wp-json\/wp\/v2\/posts"}],"about":[{"href":"https:\/\/www.esac.pt\/index.php\/wp-json\/wp\/v2\/types\/post"}],"author":[{"embeddable":true,"href":"https:\/\/www.esac.pt\/index.php\/wp-json\/wp\/v2\/users\/4"}],"replies":[{"embeddable":true,"href":"https:\/\/www.esac.pt\/index.php\/wp-json\/wp\/v2\/comments?post=7630"}],"version-history":[{"count":0,"href":"https:\/\/www.esac.pt\/index.php\/wp-json\/wp\/v2\/posts\/7630\/revisions"}],"wp:attachment":[{"href":"https:\/\/www.esac.pt\/index.php\/wp-json\/wp\/v2\/media?parent=7630"}],"wp:term":[{"taxonomy":"category","embeddable":true,"href":"https:\/\/www.esac.pt\/index.php\/wp-json\/wp\/v2\/categories?post=7630"}],"curies":[{"name":"wp","href":"https:\/\/api.w.org\/{rel}","templated":true}]}}