{"id":6630,"date":"2022-12-16T13:27:41","date_gmt":"2022-12-16T13:27:41","guid":{"rendered":"https:\/\/www.esac.pt\/?p=6630"},"modified":"2022-12-16T13:28:59","modified_gmt":"2022-12-16T13:28:59","slug":"conferencia-internacional-conta-com-professor-da-esac-na-comissao-cientifica","status":"publish","type":"post","link":"https:\/\/www.esac.pt\/index.php\/2022\/12\/16\/conferencia-internacional-conta-com-professor-da-esac-na-comissao-cientifica\/","title":{"rendered":"Confer\u00eancia Internacional conta com professor da ESAC na Comiss\u00e3o Cient\u00edfica"},"content":{"rendered":"","protected":false},"excerpt":{"rendered":"","protected":false},"author":4,"featured_media":0,"comment_status":"closed","ping_status":"closed","sticky":false,"template":"","format":"standard","meta":{"footnotes":""},"categories":[1],"class_list":["post-6630","post","type-post","status-publish","format-standard","hentry","category-comunidade"],"authors":[{"term_id":12,"user_id":4,"is_guest":0,"slug":"octavio-pereira","display_name":"Octavio Pereira"}],"_links":{"self":[{"href":"https:\/\/www.esac.pt\/index.php\/wp-json\/wp\/v2\/posts\/6630","targetHints":{"allow":["GET"]}}],"collection":[{"href":"https:\/\/www.esac.pt\/index.php\/wp-json\/wp\/v2\/posts"}],"about":[{"href":"https:\/\/www.esac.pt\/index.php\/wp-json\/wp\/v2\/types\/post"}],"author":[{"embeddable":true,"href":"https:\/\/www.esac.pt\/index.php\/wp-json\/wp\/v2\/users\/4"}],"replies":[{"embeddable":true,"href":"https:\/\/www.esac.pt\/index.php\/wp-json\/wp\/v2\/comments?post=6630"}],"version-history":[{"count":0,"href":"https:\/\/www.esac.pt\/index.php\/wp-json\/wp\/v2\/posts\/6630\/revisions"}],"wp:attachment":[{"href":"https:\/\/www.esac.pt\/index.php\/wp-json\/wp\/v2\/media?parent=6630"}],"wp:term":[{"taxonomy":"category","embeddable":true,"href":"https:\/\/www.esac.pt\/index.php\/wp-json\/wp\/v2\/categories?post=6630"}],"curies":[{"name":"wp","href":"https:\/\/api.w.org\/{rel}","templated":true}]}}