{"id":6078,"date":"2022-08-29T14:36:40","date_gmt":"2022-08-29T14:36:40","guid":{"rendered":"https:\/\/www.esac.pt\/?p=6078"},"modified":"2022-09-05T09:17:17","modified_gmt":"2022-09-05T09:17:17","slug":"projeto-exploradoresppserradoacor-retoma-com-edicao-dedicada-ao-empreendedorismo","status":"publish","type":"post","link":"https:\/\/www.esac.pt\/index.php\/2022\/08\/29\/projeto-exploradoresppserradoacor-retoma-com-edicao-dedicada-ao-empreendedorismo\/","title":{"rendered":"Projeto Exploradores@SerradoA\u00e7or retoma com edi\u00e7\u00e3o dedicada ao empreendedorismo"},"content":{"rendered":"","protected":false},"excerpt":{"rendered":"","protected":false},"author":4,"featured_media":0,"comment_status":"closed","ping_status":"closed","sticky":false,"template":"","format":"standard","meta":{"footnotes":""},"categories":[1],"class_list":["post-6078","post","type-post","status-publish","format-standard","hentry","category-comunidade"],"authors":[{"term_id":12,"user_id":4,"is_guest":0,"slug":"octavio-pereira","display_name":"Octavio Pereira"}],"_links":{"self":[{"href":"https:\/\/www.esac.pt\/index.php\/wp-json\/wp\/v2\/posts\/6078","targetHints":{"allow":["GET"]}}],"collection":[{"href":"https:\/\/www.esac.pt\/index.php\/wp-json\/wp\/v2\/posts"}],"about":[{"href":"https:\/\/www.esac.pt\/index.php\/wp-json\/wp\/v2\/types\/post"}],"author":[{"embeddable":true,"href":"https:\/\/www.esac.pt\/index.php\/wp-json\/wp\/v2\/users\/4"}],"replies":[{"embeddable":true,"href":"https:\/\/www.esac.pt\/index.php\/wp-json\/wp\/v2\/comments?post=6078"}],"version-history":[{"count":0,"href":"https:\/\/www.esac.pt\/index.php\/wp-json\/wp\/v2\/posts\/6078\/revisions"}],"wp:attachment":[{"href":"https:\/\/www.esac.pt\/index.php\/wp-json\/wp\/v2\/media?parent=6078"}],"wp:term":[{"taxonomy":"category","embeddable":true,"href":"https:\/\/www.esac.pt\/index.php\/wp-json\/wp\/v2\/categories?post=6078"}],"curies":[{"name":"wp","href":"https:\/\/api.w.org\/{rel}","templated":true}]}}