{"id":11209,"date":"2025-06-11T11:37:11","date_gmt":"2025-06-11T11:37:11","guid":{"rendered":"https:\/\/www.esac.pt\/?p=11209"},"modified":"2025-06-23T11:40:12","modified_gmt":"2025-06-23T11:40:12","slug":"esac-acolheu-vi-conferencia-eucarpia-e-conferencia-europeia-sobre-politica-de-sementes-biologicas","status":"publish","type":"post","link":"https:\/\/www.esac.pt\/index.php\/2025\/06\/11\/esac-acolheu-vi-conferencia-eucarpia-e-conferencia-europeia-sobre-politica-de-sementes-biologicas\/","title":{"rendered":"ESAC acolheu VI Confer\u00eancia EUCARPIA e Confer\u00eancia Europeia sobre Pol\u00edtica de Sementes Biol\u00f3gicas"},"content":{"rendered":"","protected":false},"excerpt":{"rendered":"","protected":false},"author":3,"featured_media":0,"comment_status":"closed","ping_status":"closed","sticky":false,"template":"","format":"standard","meta":{"footnotes":""},"categories":[1],"class_list":["post-11209","post","type-post","status-publish","format-standard","hentry","category-comunidade"],"authors":[{"term_id":11,"user_id":3,"is_guest":0,"slug":"isabel-silva","display_name":"Isabel Silva"}],"_links":{"self":[{"href":"https:\/\/www.esac.pt\/index.php\/wp-json\/wp\/v2\/posts\/11209","targetHints":{"allow":["GET"]}}],"collection":[{"href":"https:\/\/www.esac.pt\/index.php\/wp-json\/wp\/v2\/posts"}],"about":[{"href":"https:\/\/www.esac.pt\/index.php\/wp-json\/wp\/v2\/types\/post"}],"author":[{"embeddable":true,"href":"https:\/\/www.esac.pt\/index.php\/wp-json\/wp\/v2\/users\/3"}],"replies":[{"embeddable":true,"href":"https:\/\/www.esac.pt\/index.php\/wp-json\/wp\/v2\/comments?post=11209"}],"version-history":[{"count":1,"href":"https:\/\/www.esac.pt\/index.php\/wp-json\/wp\/v2\/posts\/11209\/revisions"}],"predecessor-version":[{"id":11211,"href":"https:\/\/www.esac.pt\/index.php\/wp-json\/wp\/v2\/posts\/11209\/revisions\/11211"}],"wp:attachment":[{"href":"https:\/\/www.esac.pt\/index.php\/wp-json\/wp\/v2\/media?parent=11209"}],"wp:term":[{"taxonomy":"category","embeddable":true,"href":"https:\/\/www.esac.pt\/index.php\/wp-json\/wp\/v2\/categories?post=11209"}],"curies":[{"name":"wp","href":"https:\/\/api.w.org\/{rel}","templated":true}]}}