{"id":11205,"date":"2025-06-04T11:27:42","date_gmt":"2025-06-04T11:27:42","guid":{"rendered":"https:\/\/www.esac.pt\/?p=11205"},"modified":"2025-06-23T11:32:04","modified_gmt":"2025-06-23T11:32:04","slug":"esac-marcou-presenca-no-ii-congresso-iberico-sobre-especies-exoticas-invasoras","status":"publish","type":"post","link":"https:\/\/www.esac.pt\/index.php\/2025\/06\/04\/esac-marcou-presenca-no-ii-congresso-iberico-sobre-especies-exoticas-invasoras\/","title":{"rendered":"ESAC marcou presen\u00e7a no II Congresso Ib\u00e9rico sobre Esp\u00e9cies Ex\u00f3ticas Invasoras"},"content":{"rendered":"","protected":false},"excerpt":{"rendered":"","protected":false},"author":3,"featured_media":0,"comment_status":"closed","ping_status":"closed","sticky":false,"template":"","format":"standard","meta":{"footnotes":""},"categories":[1],"class_list":["post-11205","post","type-post","status-publish","format-standard","hentry","category-comunidade"],"authors":[{"term_id":11,"user_id":3,"is_guest":0,"slug":"isabel-silva","display_name":"Isabel Silva"}],"_links":{"self":[{"href":"https:\/\/www.esac.pt\/index.php\/wp-json\/wp\/v2\/posts\/11205","targetHints":{"allow":["GET"]}}],"collection":[{"href":"https:\/\/www.esac.pt\/index.php\/wp-json\/wp\/v2\/posts"}],"about":[{"href":"https:\/\/www.esac.pt\/index.php\/wp-json\/wp\/v2\/types\/post"}],"author":[{"embeddable":true,"href":"https:\/\/www.esac.pt\/index.php\/wp-json\/wp\/v2\/users\/3"}],"replies":[{"embeddable":true,"href":"https:\/\/www.esac.pt\/index.php\/wp-json\/wp\/v2\/comments?post=11205"}],"version-history":[{"count":1,"href":"https:\/\/www.esac.pt\/index.php\/wp-json\/wp\/v2\/posts\/11205\/revisions"}],"predecessor-version":[{"id":11208,"href":"https:\/\/www.esac.pt\/index.php\/wp-json\/wp\/v2\/posts\/11205\/revisions\/11208"}],"wp:attachment":[{"href":"https:\/\/www.esac.pt\/index.php\/wp-json\/wp\/v2\/media?parent=11205"}],"wp:term":[{"taxonomy":"category","embeddable":true,"href":"https:\/\/www.esac.pt\/index.php\/wp-json\/wp\/v2\/categories?post=11205"}],"curies":[{"name":"wp","href":"https:\/\/api.w.org\/{rel}","templated":true}]}}