{"id":11034,"date":"2025-05-12T08:44:50","date_gmt":"2025-05-12T08:44:50","guid":{"rendered":"https:\/\/www.esac.pt\/?p=11034"},"modified":"2025-05-12T08:45:10","modified_gmt":"2025-05-12T08:45:10","slug":"expoagrya25-aproximou-estudantes-das-ciencias-agrarias-as-empresas","status":"publish","type":"post","link":"https:\/\/www.esac.pt\/index.php\/2025\/05\/12\/expoagrya25-aproximou-estudantes-das-ciencias-agrarias-as-empresas\/","title":{"rendered":"ExpoAgrya\u201925 aproximou estudantes das ci\u00eancias agr\u00e1rias \u00e0s empresas"},"content":{"rendered":"","protected":false},"excerpt":{"rendered":"","protected":false},"author":3,"featured_media":0,"comment_status":"closed","ping_status":"closed","sticky":false,"template":"","format":"standard","meta":{"footnotes":""},"categories":[1],"class_list":["post-11034","post","type-post","status-publish","format-standard","hentry","category-comunidade"],"authors":[{"term_id":11,"user_id":3,"is_guest":0,"slug":"isabel-silva","display_name":"Isabel Silva"}],"_links":{"self":[{"href":"https:\/\/www.esac.pt\/index.php\/wp-json\/wp\/v2\/posts\/11034","targetHints":{"allow":["GET"]}}],"collection":[{"href":"https:\/\/www.esac.pt\/index.php\/wp-json\/wp\/v2\/posts"}],"about":[{"href":"https:\/\/www.esac.pt\/index.php\/wp-json\/wp\/v2\/types\/post"}],"author":[{"embeddable":true,"href":"https:\/\/www.esac.pt\/index.php\/wp-json\/wp\/v2\/users\/3"}],"replies":[{"embeddable":true,"href":"https:\/\/www.esac.pt\/index.php\/wp-json\/wp\/v2\/comments?post=11034"}],"version-history":[{"count":1,"href":"https:\/\/www.esac.pt\/index.php\/wp-json\/wp\/v2\/posts\/11034\/revisions"}],"predecessor-version":[{"id":11036,"href":"https:\/\/www.esac.pt\/index.php\/wp-json\/wp\/v2\/posts\/11034\/revisions\/11036"}],"wp:attachment":[{"href":"https:\/\/www.esac.pt\/index.php\/wp-json\/wp\/v2\/media?parent=11034"}],"wp:term":[{"taxonomy":"category","embeddable":true,"href":"https:\/\/www.esac.pt\/index.php\/wp-json\/wp\/v2\/categories?post=11034"}],"curies":[{"name":"wp","href":"https:\/\/api.w.org\/{rel}","templated":true}]}}