{"id":10838,"date":"2025-03-24T12:55:30","date_gmt":"2025-03-24T12:55:30","guid":{"rendered":"https:\/\/www.esac.pt\/?p=10838"},"modified":"2025-03-26T14:54:05","modified_gmt":"2025-03-26T14:54:05","slug":"gestao-florestal-e-o-impacto-nos-incendios-da-regiao-centro-em-foco-na-esac","status":"publish","type":"post","link":"https:\/\/www.esac.pt\/index.php\/2025\/03\/24\/gestao-florestal-e-o-impacto-nos-incendios-da-regiao-centro-em-foco-na-esac\/","title":{"rendered":"\u201cGest\u00e3o Florestal e o Impacto nos Inc\u00eandios da Regi\u00e3o Centro\u201d em foco na ESAC"},"content":{"rendered":"","protected":false},"excerpt":{"rendered":"","protected":false},"author":3,"featured_media":0,"comment_status":"closed","ping_status":"closed","sticky":false,"template":"","format":"standard","meta":{"footnotes":""},"categories":[1],"class_list":["post-10838","post","type-post","status-publish","format-standard","hentry","category-comunidade"],"authors":[{"term_id":11,"user_id":3,"is_guest":0,"slug":"isabel-silva","display_name":"Isabel Silva"}],"_links":{"self":[{"href":"https:\/\/www.esac.pt\/index.php\/wp-json\/wp\/v2\/posts\/10838","targetHints":{"allow":["GET"]}}],"collection":[{"href":"https:\/\/www.esac.pt\/index.php\/wp-json\/wp\/v2\/posts"}],"about":[{"href":"https:\/\/www.esac.pt\/index.php\/wp-json\/wp\/v2\/types\/post"}],"author":[{"embeddable":true,"href":"https:\/\/www.esac.pt\/index.php\/wp-json\/wp\/v2\/users\/3"}],"replies":[{"embeddable":true,"href":"https:\/\/www.esac.pt\/index.php\/wp-json\/wp\/v2\/comments?post=10838"}],"version-history":[{"count":2,"href":"https:\/\/www.esac.pt\/index.php\/wp-json\/wp\/v2\/posts\/10838\/revisions"}],"predecessor-version":[{"id":10841,"href":"https:\/\/www.esac.pt\/index.php\/wp-json\/wp\/v2\/posts\/10838\/revisions\/10841"}],"wp:attachment":[{"href":"https:\/\/www.esac.pt\/index.php\/wp-json\/wp\/v2\/media?parent=10838"}],"wp:term":[{"taxonomy":"category","embeddable":true,"href":"https:\/\/www.esac.pt\/index.php\/wp-json\/wp\/v2\/categories?post=10838"}],"curies":[{"name":"wp","href":"https:\/\/api.w.org\/{rel}","templated":true}]}}